{"id":136,"date":"2014-01-06T20:44:45","date_gmt":"2014-01-06T20:44:45","guid":{"rendered":"http:\/\/nawi.naturundbildung.at\/wp\/?p=136"},"modified":"2015-06-22T08:32:17","modified_gmt":"2015-06-22T08:32:17","slug":"lehrausgang-ins-klaerwerk-simmering","status":"publish","type":"post","link":"http:\/\/nawi.naturundbildung.at\/wp\/?p=136","title":{"rendered":"Lehrausgang ins Hauptkl\u00e4rwerk Simmering-1HMB  2012"},"content":{"rendered":"<p>Das Kl\u00e4rwerk beginnt bei uns zu Haus. N\u00e4mlich mit dem Wasserverbrauch.<\/p>\n<p>Ein durch Schnitts Mensch verbraucht pro Tag ca. 130 l. Am meisten verbraucht man beim Duschen und beim Gang auf das WC.<\/p>\n<p>Hier ein paar Facts:<\/p>\n<p>das erste weitl\u00e4ufige Kanalsystem in Wien entstand 1830. Aber, im 1. Bezirk Wiens schon im Jahre 1739. Wien verf\u00fcgt \u00fcber ein Kanalsystem das ungef\u00e4hr aus 2500km Stra\u00dfenkanal und ca. 6300 km Haushaltskanal.<\/p>\n<p>Abwasserverschmutzung:<\/p>\n<p><em>50% Haushaltskanal<\/em><\/p>\n<p><em>50% Gewerbe u. Industrie <\/em><\/p>\n<p>Unter Wiens Erde verl\u00e4uft ein 2 km lang Speicherkanal der auf gekl\u00e4rt wird.<\/p>\n<p align=\"CENTER\">\u00a0<strong>-ZUM KL\u00c4RWERK-<\/strong><\/p>\n<p>&nbsp;<\/p>\n<p align=\"LEFT\">1980 wurde es am Ende der Stadt Wien er\u00f6ffnet zuvor wurde das Abwasser in die Donau umgeleitet. Deswegen wurde damals auch davon Abgeraten in der unteren Donau schwimmen zugehen.<\/p>\n<p>&nbsp;<\/p>\n<p align=\"LEFT\"><strong>Es gibt 3 Reinigungsschritte: <\/strong><\/p>\n<p>&nbsp;<\/p>\n<ol>\n<li>\u00a0<strong>Mechanisch<\/strong><\/li>\n<li>\u00a0<strong>Biologisch 1<\/strong><\/li>\n<li>\u00a0<strong>Biologisch 2 <\/strong><\/li>\n<\/ol>\n<p>dann noch die Zwischenkl\u00e4rung und die Nachkl\u00e4rung f\u00fcr ein sauberes Abwasser. Es gibt in der ganzen Anlage Kreiselbel\u00fcfter ( Belebungsbel\u00fcfter auch genannt ) und 43.000 St\u00fcck an Mebranbel\u00fcfter in der Anlage.<\/p>\n<p align=\"LEFT\">\u00a0Da leider immer sehr viel M\u00fcll und Dreck in das Abwasser geraten wird es dort mit den sogenannten Rechen heraus gerecht. Da nach dem Winter sehr viel Schotter in der Anlage ist wird der verbrannt oder gar wieder Aufbereitet. Der Schotter und der Rest des Gefilterten M\u00fclls wird als Sonderm\u00fcll behandelt. Aber auch w\u00e4hrend des Vorgangs der Kl\u00e4rung f\u00e4llt Schmutz an. N\u00e4mlich der Schlamm. Der kommt in den Faulturm.Zur Sicherheit werden immer wieder Proben genommen ob das Wasser wirklich nicht Kippt.<\/p>\n<p align=\"LEFT\">\u00a0Nach diesen langwierigen Vorg\u00e4ngen wird das gekl\u00e4rte Wasser wieder in die Donau geleitet.<\/p>\n<p align=\"LEFT\">\u00a0Warum ist das Kl\u00e4rwerk am Ende der Stadt Wien ?<\/p>\n<p align=\"LEFT\">\u00a0Da Wien auf einem H\u00fcgel Liegt und das Wasser von oben kommt fliesen alle Kan\u00e4le Richtung Berg abw\u00e4rts in das Kl\u00e4rwerk . In Wien gibt es einige Umw\u00e4lzpumpen die das Wasser durch die ganze Stadt weiter Richtung Kl\u00e4rwerk pumpen. Im 21&amp;22 Bezirk Wien wird dies besonders verwendet da hier das Kanalsystem sehr flach ist und es teilweise im Sommer stockt. Also deswegen!<\/p>\n<p align=\"LEFT\">\u00a0INFO: Die Zeitungsindustrie verbraucht am meisten Wasser und macht auch sehr viel Abwasser.<\/p>\n<p align=\"LEFT\">\u00a0Das Wasser kann kippen ?<\/p>\n<p align=\"LEFT\">\u00a0Wenn man in das Wasser Wasserl\u00f6sliches Phosphat gibt \u00fcberwachsen die Wasser Pflanzen. Wasserpflanzen erzeugen am Tag Sauerstoff und verbrauchen in der Nacht diesen wieder . Diese Pflanzen produzieren aber auch Kleinstlebewesen die die Abgestorbenen Pflanzen zersetzten diese verbrauch wiederum auch Sauerstoff. Somit haben die Fische keines mehr und ersticken. Dieser Vorgang wird bezeichnet als \u201e das Wasser Kippt\u201c !<\/p>\n<p align=\"LEFT\">Bericht erstellt von Benjamin \u00d6kmen, 1HMB, 2012<\/p>\n\r\n\t\t<style type='text\/css'>\r\n\t\t\t#gallery-1 {\r\n\t\t\t\tmargin: auto;\r\n\t\t\t}\r\n\t\t\t#gallery-1 .gallery-item {\r\n\t\t\t\tfloat: left;\r\n\t\t\t\tmargin-top: 10px;\r\n\t\t\t\ttext-align: center;\r\n\t\t\t\twidth: 33%;\r\n\t\t\t}\r\n\t\t\t#gallery-1 img {\r\n\t\t\t\tborder: 2px solid #cfcfcf;\r\n\t\t\t}\r\n\t\t\t#gallery-1 .gallery-caption {\r\n\t\t\t\tmargin-left: 0;\r\n\t\t\t}\r\n\t\t<\/style>\r\n\t\t<!-- see gallery_shortcode() in wp-includes\/media.php -->\n\t\t<div id='gallery-1' class='gallery galleryid-136 gallery-columns-3 gallery-size-thumbnail gallery1'><script type=\"text\/javascript\">\r\n\/\/ <![CDATA[\r\n\tjQuery(document).ready(function () {\r\n\t\tjQuery(\".gallery1 a\").attr(\"rel\",\"gallery1\");\t\r\n\t\tjQuery('a[rel=\"gallery1\"]').colorbox({maxWidth:\"95%\", maxHeight:\"95%\",title: function(){ return jQuery(this).children().attr(\"alt\"); }, });\r\n\t});\r\n\/\/ ]]>\r\n<\/script>\n<dl class=\"gallery-item\">\n<dt class=\"gallery-icon\">\r\n<a href=\"http:\/\/nawi.naturundbildung.at\/wp\/wp-content\/uploads\/2014\/01\/Kl\u00e4rwerk1-\u00d6kmen.png\" title=\"Absetzbecken-\u00d6kmen\" rel=\"gallery1\"><img src=\"http:\/\/nawi.naturundbildung.at\/wp\/wp-content\/uploads\/2014\/01\/Kl\u00e4rwerk1-\u00d6kmen-150x150.png\" width=\"150\" height=\"150\" alt=\"Absetzbecken-\u00d6kmen\" \/><\/a>\r\n<\/dt><dd class=\"gallery-caption\" id=\"caption137\"><span class=\"imagecaption\">Absetzbecken-\u00d6kmen<\/span><br \/>\n<span class=\"imagedescription\">Absetzbecken-\u00d6kmen<\/span><br \/>\n<\/dd><\/dl><dl class=\"gallery-item\">\n<dt class=\"gallery-icon\">\r\n<a href=\"http:\/\/nawi.naturundbildung.at\/wp\/wp-content\/uploads\/2014\/01\/Kl\u00e4rwerk2-\u00d6kmen.png\" title=\"Kl\u00e4rwerk2-\u00d6kmen\" rel=\"gallery1\"><img src=\"http:\/\/nawi.naturundbildung.at\/wp\/wp-content\/uploads\/2014\/01\/Kl\u00e4rwerk2-\u00d6kmen-150x150.png\" width=\"150\" height=\"150\" alt=\"Kl\u00e4rwerk2-\u00d6kmen\" \/><\/a>\r\n<\/dt><dd class=\"gallery-caption\" id=\"caption138\"><span class=\"imagecaption\">Kl\u00e4rwerk2-\u00d6kmen<\/span><br \/>\n<\/dd><\/dl><dl class=\"gallery-item\">\n<dt class=\"gallery-icon\">\r\n<a href=\"http:\/\/nawi.naturundbildung.at\/wp\/wp-content\/uploads\/2014\/01\/Kl\u00e4rwerk3-\u00d6kmen.png\" title=\"nach biologischer Reinigung-\u00d6kmen\" rel=\"gallery1\"><img src=\"http:\/\/nawi.naturundbildung.at\/wp\/wp-content\/uploads\/2014\/01\/Kl\u00e4rwerk3-\u00d6kmen-150x142.png\" width=\"150\" height=\"142\" alt=\"nach biologischer Reinigung-\u00d6kmen\" \/><\/a>\r\n<\/dt><dd class=\"gallery-caption\" id=\"caption139\"><span class=\"imagecaption\">nach biologischer Reinigung-\u00d6kmen<\/span><br \/>\n<span class=\"imagedescription\">nach biologischer Reinigung- vorm Nachkl\u00e4recken-\u00d6kmen<\/span><br \/>\n<\/dd><\/dl><br style=\"clear: both\" \/><dl class=\"gallery-item\">\n<dt class=\"gallery-icon\">\r\n<a href=\"http:\/\/nawi.naturundbildung.at\/wp\/wp-content\/uploads\/2014\/01\/Kl\u00e4rwerk4-\u00d6kmen.png\" title=\"sauber!-\u00d6kmen\" rel=\"gallery1\"><img src=\"http:\/\/nawi.naturundbildung.at\/wp\/wp-content\/uploads\/2014\/01\/Kl\u00e4rwerk4-\u00d6kmen-150x132.png\" width=\"150\" height=\"132\" alt=\"sauber!-\u00d6kmen\" \/><\/a>\r\n<\/dt><dd class=\"gallery-caption\" id=\"caption140\"><span class=\"imagecaption\">sauber!-\u00d6kmen<\/span><br \/>\n<\/dd><\/dl><dl class=\"gallery-item\">\n<dt class=\"gallery-icon\">\r\n<a href=\"http:\/\/nawi.naturundbildung.at\/wp\/wp-content\/uploads\/2014\/01\/Kl\u00e4rwerk5-\u00d6kmen.png\" title=\"Bel\u00fcftungsbecken-\u00d6kmen\" rel=\"gallery1\"><img src=\"http:\/\/nawi.naturundbildung.at\/wp\/wp-content\/uploads\/2014\/01\/Kl\u00e4rwerk5-\u00d6kmen-150x150.png\" width=\"150\" height=\"150\" alt=\"Bel\u00fcftungsbecken-\u00d6kmen\" \/><\/a>\r\n<\/dt><dd class=\"gallery-caption\" id=\"caption141\"><span class=\"imagecaption\">Bel\u00fcftungsbecken-\u00d6kmen<\/span><br \/>\n<\/dd><\/dl><dl class=\"gallery-item\">\n<dt class=\"gallery-icon\">\r\n<a href=\"http:\/\/nawi.naturundbildung.at\/wp\/wp-content\/uploads\/2014\/01\/Kl\u00e4rwerk6-\u00d6kmen.png\" title=\"Nachkl\u00e4rbecken-\u00d6kmen\" rel=\"gallery1\"><img src=\"http:\/\/nawi.naturundbildung.at\/wp\/wp-content\/uploads\/2014\/01\/Kl\u00e4rwerk6-\u00d6kmen-150x150.png\" width=\"150\" height=\"150\" alt=\"Nachkl\u00e4rbecken-\u00d6kmen\" \/><\/a>\r\n<\/dt><dd class=\"gallery-caption\" id=\"caption142\"><span class=\"imagecaption\">Nachkl\u00e4rbecken-\u00d6kmen<\/span><br \/>\n<\/dd><\/dl><br style=\"clear: both\" \/><dl class=\"gallery-item\">\n<dt class=\"gallery-icon\">\r\n<a href=\"http:\/\/nawi.naturundbildung.at\/wp\/wp-content\/uploads\/2014\/01\/Kl\u00e4rwerk7-\u00d6kmen.png\" title=\"Kl\u00e4rwerk7-\u00d6kmen\" rel=\"gallery1\"><img src=\"http:\/\/nawi.naturundbildung.at\/wp\/wp-content\/uploads\/2014\/01\/Kl\u00e4rwerk7-\u00d6kmen-150x119.png\" width=\"150\" height=\"119\" alt=\"Kl\u00e4rwerk7-\u00d6kmen\" \/><\/a>\r\n<\/dt><dd class=\"gallery-caption\" id=\"caption143\"><span class=\"imagecaption\">Kl\u00e4rwerk7-\u00d6kmen<\/span><br \/>\n<span class=\"imagedescription\">Kl\u00e4rwerk7-\u00d6kmen<\/span><br \/>\n<\/dd><\/dl><dl class=\"gallery-item\">\n<dt class=\"gallery-icon\">\r\n<a href=\"http:\/\/nawi.naturundbildung.at\/wp\/wp-content\/uploads\/2014\/01\/Kl\u00e4rwerk8-\u00d6kmen.png\" title=\"Kl\u00e4rwerk-Modell-\u00d6kmen\" rel=\"gallery1\"><img src=\"http:\/\/nawi.naturundbildung.at\/wp\/wp-content\/uploads\/2014\/01\/Kl\u00e4rwerk8-\u00d6kmen-150x150.png\" width=\"150\" height=\"150\" alt=\"Kl\u00e4rwerk-Modell-\u00d6kmen\" \/><\/a>\r\n<\/dt><dd class=\"gallery-caption\" id=\"caption144\"><span class=\"imagecaption\">Kl\u00e4rwerk-Modell-\u00d6kmen<\/span><br \/>\n<\/dd><\/dl><dl class=\"gallery-item\">\n<dt class=\"gallery-icon\">\r\n<a href=\"http:\/\/nawi.naturundbildung.at\/wp\/wp-content\/uploads\/2014\/01\/Pfui-da-stinkts-geroldinger.jpg\" title=\"Pfui-da-stinkts-geroldinger\" rel=\"gallery1\"><img src=\"http:\/\/nawi.naturundbildung.at\/wp\/wp-content\/uploads\/2014\/01\/Pfui-da-stinkts-geroldinger-150x150.jpg\" width=\"150\" height=\"150\" alt=\"Pfui-da-stinkts-geroldinger\" \/><\/a>\r\n<\/dt><dd class=\"gallery-caption\" id=\"caption149\"><span class=\"imagecaption\">Pfui-da-stinkts-geroldinger<\/span><br \/>\n<\/dd><\/dl><br style=\"clear: both\" \/><dl class=\"gallery-item\">\n<dt class=\"gallery-icon\">\r\n<a href=\"http:\/\/nawi.naturundbildung.at\/wp\/wp-content\/uploads\/2014\/01\/Kl\u00e4rwerk-Geroldinger.jpg\" title=\"Kl\u00e4rwerk-Geroldinger\" rel=\"gallery1\"><img src=\"http:\/\/nawi.naturundbildung.at\/wp\/wp-content\/uploads\/2014\/01\/Kl\u00e4rwerk-Geroldinger-150x150.jpg\" width=\"150\" height=\"150\" alt=\"Kl\u00e4rwerk-Geroldinger\" \/><\/a>\r\n<\/dt><dd class=\"gallery-caption\" id=\"caption151\"><span class=\"imagecaption\">Kl\u00e4rwerk-Geroldinger<\/span><br \/>\n<\/dd><\/dl>\r\n\t\t\t<br style='clear: both' \/>\r\n\t\t<\/div>\n\n","protected":false},"excerpt":{"rendered":"<p>Das Kl\u00e4rwerk beginnt bei uns zu Haus. N\u00e4mlich mit dem Wasserverbrauch. Ein durch Schnitts Mensch verbraucht pro Tag ca. 130 l. Am meisten verbraucht man beim Duschen und beim Gang auf das WC. Hier ein paar Facts: das erste weitl\u00e4ufige Kanalsystem in Wien entstand 1830. Aber, im 1. Bezirk Wiens<\/p>\n","protected":false},"author":1,"featured_media":149,"comment_status":"open","ping_status":"open","sticky":false,"template":"","format":"standard","meta":{"ngg_post_thumbnail":0},"categories":[4,2],"tags":[],"aioseo_notices":[],"_links":{"self":[{"href":"http:\/\/nawi.naturundbildung.at\/wp\/index.php?rest_route=\/wp\/v2\/posts\/136"}],"collection":[{"href":"http:\/\/nawi.naturundbildung.at\/wp\/index.php?rest_route=\/wp\/v2\/posts"}],"about":[{"href":"http:\/\/nawi.naturundbildung.at\/wp\/index.php?rest_route=\/wp\/v2\/types\/post"}],"author":[{"embeddable":true,"href":"http:\/\/nawi.naturundbildung.at\/wp\/index.php?rest_route=\/wp\/v2\/users\/1"}],"replies":[{"embeddable":true,"href":"http:\/\/nawi.naturundbildung.at\/wp\/index.php?rest_route=%2Fwp%2Fv2%2Fcomments&post=136"}],"version-history":[{"count":7,"href":"http:\/\/nawi.naturundbildung.at\/wp\/index.php?rest_route=\/wp\/v2\/posts\/136\/revisions"}],"predecessor-version":[{"id":154,"href":"http:\/\/nawi.naturundbildung.at\/wp\/index.php?rest_route=\/wp\/v2\/posts\/136\/revisions\/154"}],"wp:featuredmedia":[{"embeddable":true,"href":"http:\/\/nawi.naturundbildung.at\/wp\/index.php?rest_route=\/wp\/v2\/media\/149"}],"wp:attachment":[{"href":"http:\/\/nawi.naturundbildung.at\/wp\/index.php?rest_route=%2Fwp%2Fv2%2Fmedia&parent=136"}],"wp:term":[{"taxonomy":"category","embeddable":true,"href":"http:\/\/nawi.naturundbildung.at\/wp\/index.php?rest_route=%2Fwp%2Fv2%2Fcategories&post=136"},{"taxonomy":"post_tag","embeddable":true,"href":"http:\/\/nawi.naturundbildung.at\/wp\/index.php?rest_route=%2Fwp%2Fv2%2Ftags&post=136"}],"curies":[{"name":"wp","href":"https:\/\/api.w.org\/{rel}","templated":true}]}}