{"id":2914,"date":"2016-05-10T16:38:50","date_gmt":"2016-05-10T16:38:50","guid":{"rendered":"http:\/\/nawi.naturundbildung.at\/wp\/?p=2914"},"modified":"2016-05-10T18:16:44","modified_gmt":"2016-05-10T18:16:44","slug":"nachhaltige-cremes","status":"publish","type":"post","link":"http:\/\/nawi.naturundbildung.at\/wp\/?p=2914","title":{"rendered":"&#8222;Nachhaltige&#8220; Cremes"},"content":{"rendered":"<p>Sch\u00fclerinnen der 3HIA und 3HIB sowie der 2HMB der HLMW9 r\u00fchrten im NAWI Unterricht im Rahmen eines klassen- und schul\u00fcbergreifenden Sozialprojekts pflegende Gesichtscremes, die an interessierte Eltern, Lehrer\/innen und Mitsch\u00fcler\/innen verkauft wurden. Gemeinsam mit der 2HGA der HLTW21- Neue Wassermanngasse- konnte damit der Betrag von 225\u20ac erzielt werden, welcher an den Verein Ute Bock zur Unterst\u00fctzung unbegleiteter minderj\u00e4hriger Fl\u00fcchtlinge gespendet wurde.<\/p>\n<p>Neben dem sozialen Benefit f\u00fcr die jugendlichen Asylwerber\/innen erfuhren die Sch\u00fclerinnen und Sch\u00fcler, wie man aus hochwertigen Rohstoffen (wertvolle \u00d6le, pflegende Pflanzenessenzen), Emulgatoren und destilliertem Wasser Cremes auch zuhause machen kann, welche weder Erd\u00f6l, Palm\u00f6l noch gesundheitssch\u00e4digende Inhaltsstoffe enthalten. Nachhaltige Gesichtspflege in mehrfachem Sinn!<\/p>\n<p>Unten das Rezept der Gesichtscremes:<\/p>\n<p><strong>Creme f\u00fcr junge (eher unreine, fettige)\u00a0Haut<\/strong><\/p>\n<p>Das Grundrezept stammt von <a href=\"http:\/\/www.meinekosmetik.de\/rezepte\/creme.html\"><u>http:\/\/www.meinekosmetik.de\/rezepte\/creme.html<\/u><\/a><\/p>\n<table>\n<tbody>\n<tr>\n<td width=\"307\"><strong>Fettphase<\/strong><\/td>\n<td width=\"307\"><strong>Wasserphase<\/strong><\/td>\n<\/tr>\n<tr>\n<td width=\"307\">13g Kokos\u00f6l (bio, unraffiniert)13g Sonnenblumen\u00f6l (bio)2g Cetylalkohol<\/p>\n<p>6g Tegomuls<\/p>\n<p>6g Lamecreme<\/p>\n<p>8g Sheabutter<\/td>\n<td width=\"307\">140g Wasser (destilliert)2TL D-Panthenol10Tr Alpha-Bisabolol<\/p>\n<p>1TL Vitamin E (oder ACE)-Acetat<\/p>\n<p>15Tr Calendula-Extrakt<\/p>\n<p>15Tr Aloe Vera Extrakt<\/td>\n<\/tr>\n<\/tbody>\n<\/table>\n<p>W\u00e4ssrige Bestandteile und Fettphase getrennt in sauberen T\u00f6pfen erhitzen (auf etwa 60 Grad), nun die Wasserphase tropfenweise in die Fettphase einr\u00fchren- und kaltr\u00fchren. In saubere(!) Tiegel f\u00fcllen. Ev. mit 2Tr Antiranz und\/oder 15Tr Biokons konservieren. Die Creme duftet auch ohne extra Beduftung!<\/p>\n<p><strong>Creme f\u00fcr reife (trockene) Haut<\/strong><\/p>\n<table>\n<tbody>\n<tr>\n<td width=\"307\">F<strong>ettphase<\/strong><\/td>\n<td width=\"307\"><strong>Wasserphase<\/strong><\/td>\n<\/tr>\n<tr>\n<td width=\"307\">13g Calendula\u00f6l13g Avocado\u00f6l8g Mandel\u00f6l<\/p>\n<p>8g Emulsan<\/p>\n<p>8g Cetylalkohol<\/p>\n<p>10Tr Rosen\u00f6l \u00e4therisch<\/td>\n<td width=\"307\">120ml Aqua dest20Tr Calendula-Extrakt20Tr Aloe Vera Extrakt<\/p>\n<p>10TR Kamillenextrakt<\/p>\n<p>1TL Algenextrakt<\/p>\n<p>10gr Urea<\/p>\n<p>\u00bd TL D-Panthenol<\/p>\n<p>8Tr Alpha Bisabolol<\/td>\n<\/tr>\n<\/tbody>\n<\/table>\n<p>W\u00e4ssrige Bestandteile und Fettphase getrennt in sauberen T\u00f6pfen erhitzen (auf etwa 60 Grad), nun die Wasserphase tropfenweise in die Fettphase einr\u00fchren- und kaltr\u00fchren. In saubere (!) Tiegel f\u00fcllen. Ev. mit 2Tr Antiranz und\/oder 15Tr Biokons konservieren.<\/p>\n<p>F\u00fcr Mischhaut beide Cremes mischen<\/p>\n\r\n\t\t<style type='text\/css'>\r\n\t\t\t#gallery-1 {\r\n\t\t\t\tmargin: auto;\r\n\t\t\t}\r\n\t\t\t#gallery-1 .gallery-item {\r\n\t\t\t\tfloat: left;\r\n\t\t\t\tmargin-top: 10px;\r\n\t\t\t\ttext-align: center;\r\n\t\t\t\twidth: 33%;\r\n\t\t\t}\r\n\t\t\t#gallery-1 img {\r\n\t\t\t\tborder: 2px solid #cfcfcf;\r\n\t\t\t}\r\n\t\t\t#gallery-1 .gallery-caption {\r\n\t\t\t\tmargin-left: 0;\r\n\t\t\t}\r\n\t\t<\/style>\r\n\t\t<!-- see gallery_shortcode() in wp-includes\/media.php -->\n\t\t<div id='gallery-1' class='gallery galleryid-2914 gallery-columns-3 gallery-size-thumbnail gallery1'><script type=\"text\/javascript\">\r\n\/\/ <![CDATA[\r\n\tjQuery(document).ready(function () {\r\n\t\tjQuery(\".gallery1 a\").attr(\"rel\",\"gallery1\");\t\r\n\t\tjQuery('a[rel=\"gallery1\"]').colorbox({maxWidth:\"95%\", maxHeight:\"95%\",title: function(){ return jQuery(this).children().attr(\"alt\"); }, });\r\n\t});\r\n\/\/ ]]>\r\n<\/script>\n<dl class=\"gallery-item\">\n<dt class=\"gallery-icon\">\r\n<a href=\"http:\/\/nawi.naturundbildung.at\/wp\/wp-content\/uploads\/2016\/05\/cremes.jpg\" title=\"Abwiegen der \u00d6le und Essenzen\" rel=\"gallery1\"><img src=\"http:\/\/nawi.naturundbildung.at\/wp\/wp-content\/uploads\/2016\/05\/cremes-150x150.jpg\" width=\"150\" height=\"150\" alt=\"Abwiegen der \u00d6le und Essenzen\" \/><\/a>\r\n<\/dt><dd class=\"gallery-caption\" id=\"caption2915\"><span class=\"imagecaption\">Abwiegen der \u00d6le und Essenzen<\/span><br \/>\n<\/dd><\/dl><dl class=\"gallery-item\">\n<dt class=\"gallery-icon\">\r\n<a href=\"http:\/\/nawi.naturundbildung.at\/wp\/wp-content\/uploads\/2016\/05\/cremes-2.jpg\" title=\"...ein Blick aufs Rezept\" rel=\"gallery1\"><img src=\"http:\/\/nawi.naturundbildung.at\/wp\/wp-content\/uploads\/2016\/05\/cremes-2-150x150.jpg\" width=\"150\" height=\"150\" alt=\"...ein Blick aufs Rezept\" \/><\/a>\r\n<\/dt><dd class=\"gallery-caption\" id=\"caption2916\"><span class=\"imagecaption\">...ein Blick aufs Rezept<\/span><br \/>\n<\/dd><\/dl><dl class=\"gallery-item\">\n<dt class=\"gallery-icon\">\r\n<a href=\"http:\/\/nawi.naturundbildung.at\/wp\/wp-content\/uploads\/2016\/05\/Urkunde_Ute_Bock-001.jpg\" title=\"Wir unterst\u00fctzen unbegleitete minderj\u00e4hrige Fl\u00fcchtlinge\" rel=\"gallery1\"><img src=\"http:\/\/nawi.naturundbildung.at\/wp\/wp-content\/uploads\/2016\/05\/Urkunde_Ute_Bock-001-150x150.jpg\" width=\"150\" height=\"150\" alt=\"Wir unterst\u00fctzen unbegleitete minderj\u00e4hrige Fl\u00fcchtlinge\" \/><\/a>\r\n<\/dt><dd class=\"gallery-caption\" id=\"caption2917\"><span class=\"imagecaption\">Wir unterst\u00fctzen unbegleitete minderj\u00e4hrige Fl\u00fcchtlinge<\/span><br \/>\n<\/dd><\/dl><br style=\"clear: both\" \/>\r\n\t\t<\/div>\n\n","protected":false},"excerpt":{"rendered":"<p>Sch\u00fclerinnen der 3HIA und 3HIB sowie der 2HMB der HLMW9 r\u00fchrten im NAWI Unterricht im Rahmen eines klassen- und schul\u00fcbergreifenden Sozialprojekts pflegende Gesichtscremes, die an interessierte Eltern, Lehrer\/innen und Mitsch\u00fcler\/innen verkauft wurden. Gemeinsam mit der 2HGA der HLTW21- Neue Wassermanngasse- konnte damit der Betrag von 225\u20ac erzielt werden, welcher an<\/p>\n","protected":false},"author":1,"featured_media":2915,"comment_status":"open","ping_status":"open","sticky":false,"template":"","format":"standard","meta":{"ngg_post_thumbnail":0},"categories":[13,1,2,3],"tags":[],"aioseo_notices":[],"_links":{"self":[{"href":"http:\/\/nawi.naturundbildung.at\/wp\/index.php?rest_route=\/wp\/v2\/posts\/2914"}],"collection":[{"href":"http:\/\/nawi.naturundbildung.at\/wp\/index.php?rest_route=\/wp\/v2\/posts"}],"about":[{"href":"http:\/\/nawi.naturundbildung.at\/wp\/index.php?rest_route=\/wp\/v2\/types\/post"}],"author":[{"embeddable":true,"href":"http:\/\/nawi.naturundbildung.at\/wp\/index.php?rest_route=\/wp\/v2\/users\/1"}],"replies":[{"embeddable":true,"href":"http:\/\/nawi.naturundbildung.at\/wp\/index.php?rest_route=%2Fwp%2Fv2%2Fcomments&post=2914"}],"version-history":[{"count":3,"href":"http:\/\/nawi.naturundbildung.at\/wp\/index.php?rest_route=\/wp\/v2\/posts\/2914\/revisions"}],"predecessor-version":[{"id":2928,"href":"http:\/\/nawi.naturundbildung.at\/wp\/index.php?rest_route=\/wp\/v2\/posts\/2914\/revisions\/2928"}],"wp:featuredmedia":[{"embeddable":true,"href":"http:\/\/nawi.naturundbildung.at\/wp\/index.php?rest_route=\/wp\/v2\/media\/2915"}],"wp:attachment":[{"href":"http:\/\/nawi.naturundbildung.at\/wp\/index.php?rest_route=%2Fwp%2Fv2%2Fmedia&parent=2914"}],"wp:term":[{"taxonomy":"category","embeddable":true,"href":"http:\/\/nawi.naturundbildung.at\/wp\/index.php?rest_route=%2Fwp%2Fv2%2Fcategories&post=2914"},{"taxonomy":"post_tag","embeddable":true,"href":"http:\/\/nawi.naturundbildung.at\/wp\/index.php?rest_route=%2Fwp%2Fv2%2Ftags&post=2914"}],"curies":[{"name":"wp","href":"https:\/\/api.w.org\/{rel}","templated":true}]}}