{"id":2920,"date":"2016-05-10T16:49:15","date_gmt":"2016-05-10T16:49:15","guid":{"rendered":"http:\/\/nawi.naturundbildung.at\/wp\/?p=2920"},"modified":"2016-05-10T17:13:41","modified_gmt":"2016-05-10T17:13:41","slug":"30-jahre-tschernobyl","status":"publish","type":"post","link":"http:\/\/nawi.naturundbildung.at\/wp\/?p=2920","title":{"rendered":"30 Jahre Tschernobyl"},"content":{"rendered":"<p>Am 26. April j\u00e4hrte sich zum 30. Mal die nukleare Katastrophe von Tschernobyl und der verheerende Tsunami von Fukushima mit der folgenden Atomkatastrophe j\u00e4hrte sich zum zweiten Mal.<\/p>\n<p>Aus diesem Anlass besuchten am 19.4.2016 die ukrainische \u00c4rztin, Frau Dr. Natalija Tereschenko, welche nach der Atomkatastrophe in Tschernobyl die Liquidatoren Vorort betreuen musste und ihre Dolmetscherin Lidiya Utkina, selbst Opfer des Atomungl\u00fccks und als Kind an Leuk\u00e4mie erkrankt, Sch\u00fclerinnen und Sch\u00fcler der HLMW9. Begleitet wurden sie dabei von einer Delegation von Global 2000 und von Dr. Christoph Otto, dem Initiator des GLOBAl 2000 Tschernobyl Kinderhilfprojekts.<\/p>\n<p>Das Interesse der Sch\u00fclerinnen und Sch\u00fcler war sehr gro\u00df, als sie von Frau Dr. Tereschenko sehr authentisch erfuhren, wie diese die Atomkatastrophe pers\u00f6nlich erlebt hat und nach ihrem sehr pers\u00f6nlichen Vortrag gab es noch die Gelegenheit, Fragen an die \u00c4rztin sowie die Atomexperten von Global 2000 zu stellen. Ausf\u00fchrlich wurden die Fragen der Sch\u00fclerinnen und Sch\u00fcler wie \u201eWarum kann man Atom- M\u00fcll\u201c nicht einfach ins All schicken\u201c oder \u201ek\u00f6nnte so eine Katastrophe wieder passieren?\u201c diskutiert und gemeinsam nach L\u00f6sungswegen gesucht.<\/p>\n<div id=\"attachment_2006\" style=\"width: 310px\" class=\"wp-caption alignnone\"><a href=\"http:\/\/nawi.naturundbildung.at\/wp\/wp-content\/uploads\/2014\/06\/Atom-WS-1.jpg\"><img aria-describedby=\"caption-attachment-2006\" loading=\"lazy\" class=\"size-medium wp-image-2006\" src=\"http:\/\/nawi.naturundbildung.at\/wp\/wp-content\/uploads\/2014\/06\/Atom-WS-1-300x225.jpg\" alt=\"Atom-WS-1-GERS\" width=\"300\" height=\"225\" srcset=\"http:\/\/nawi.naturundbildung.at\/wp\/wp-content\/uploads\/2014\/06\/Atom-WS-1-300x225.jpg 300w, http:\/\/nawi.naturundbildung.at\/wp\/wp-content\/uploads\/2014\/06\/Atom-WS-1-160x120.jpg 160w, http:\/\/nawi.naturundbildung.at\/wp\/wp-content\/uploads\/2014\/06\/Atom-WS-1.jpg 1000w\" sizes=\"(max-width: 300px) 100vw, 300px\" \/><\/a><p id=\"caption-attachment-2006\" class=\"wp-caption-text\">Atom-WS-1-GERS<\/p><\/div>\n","protected":false},"excerpt":{"rendered":"<p>Am 26. April j\u00e4hrte sich zum 30. Mal die nukleare Katastrophe von Tschernobyl und der verheerende Tsunami von Fukushima mit der folgenden Atomkatastrophe j\u00e4hrte sich zum zweiten Mal. Aus diesem Anlass besuchten am 19.4.2016 die ukrainische \u00c4rztin, Frau Dr. Natalija Tereschenko, welche nach der Atomkatastrophe in Tschernobyl die Liquidatoren Vorort<\/p>\n","protected":false},"author":1,"featured_media":2006,"comment_status":"open","ping_status":"open","sticky":false,"template":"","format":"standard","meta":{"ngg_post_thumbnail":0},"categories":[13,2,3],"tags":[],"aioseo_notices":[],"_links":{"self":[{"href":"http:\/\/nawi.naturundbildung.at\/wp\/index.php?rest_route=\/wp\/v2\/posts\/2920"}],"collection":[{"href":"http:\/\/nawi.naturundbildung.at\/wp\/index.php?rest_route=\/wp\/v2\/posts"}],"about":[{"href":"http:\/\/nawi.naturundbildung.at\/wp\/index.php?rest_route=\/wp\/v2\/types\/post"}],"author":[{"embeddable":true,"href":"http:\/\/nawi.naturundbildung.at\/wp\/index.php?rest_route=\/wp\/v2\/users\/1"}],"replies":[{"embeddable":true,"href":"http:\/\/nawi.naturundbildung.at\/wp\/index.php?rest_route=%2Fwp%2Fv2%2Fcomments&post=2920"}],"version-history":[{"count":1,"href":"http:\/\/nawi.naturundbildung.at\/wp\/index.php?rest_route=\/wp\/v2\/posts\/2920\/revisions"}],"predecessor-version":[{"id":2921,"href":"http:\/\/nawi.naturundbildung.at\/wp\/index.php?rest_route=\/wp\/v2\/posts\/2920\/revisions\/2921"}],"wp:featuredmedia":[{"embeddable":true,"href":"http:\/\/nawi.naturundbildung.at\/wp\/index.php?rest_route=\/wp\/v2\/media\/2006"}],"wp:attachment":[{"href":"http:\/\/nawi.naturundbildung.at\/wp\/index.php?rest_route=%2Fwp%2Fv2%2Fmedia&parent=2920"}],"wp:term":[{"taxonomy":"category","embeddable":true,"href":"http:\/\/nawi.naturundbildung.at\/wp\/index.php?rest_route=%2Fwp%2Fv2%2Fcategories&post=2920"},{"taxonomy":"post_tag","embeddable":true,"href":"http:\/\/nawi.naturundbildung.at\/wp\/index.php?rest_route=%2Fwp%2Fv2%2Ftags&post=2920"}],"curies":[{"name":"wp","href":"https:\/\/api.w.org\/{rel}","templated":true}]}}