{"id":4580,"date":"2018-02-18T12:26:25","date_gmt":"2018-02-18T12:26:25","guid":{"rendered":"http:\/\/nawi.naturundbildung.at\/wp\/?p=4580"},"modified":"2018-02-22T12:54:11","modified_gmt":"2018-02-22T12:54:11","slug":"forschen-im-kindergarten","status":"publish","type":"post","link":"http:\/\/nawi.naturundbildung.at\/wp\/?p=4580","title":{"rendered":"Forschen im Kindergarten"},"content":{"rendered":"<p>Im Dezember 2017 unternahmen die 3HMA und die 3HMB eine Exkursion mit Frau Prof.&nbsp;Adamcik&nbsp;und Frau Prof.&nbsp;Geroldinger&nbsp;in den st\u00e4dtischen Kindergarten im Augarten.<\/p>\n<p>&nbsp;<\/p>\n<p>Die Sch\u00fclerinnen und Sch\u00fcler dieser Klassen \u00fcberlegten sich einfache naturwissenschaftliche Experimente und f\u00fchrten diese dann auch durch, um sie dann gemeinsam mit den Kindern zu machen. Vorfreude gab es auf beiden Seiten, bei den Sch\u00fcler\/innen, wie auch bei den Kindern.<\/p>\n<p>Im Kindergarten angekommen, wurden die Klassen herzlichst von der Leiterin empfangen und die Sch\u00fclerinnen begannen mit der Vorbereitungsphase. Sie richteten ihre Experimente her, holten ihr Equipment heraus, \u00fcbten die Erkl\u00e4rungen und erwarteten schon mit Freude die Vorschulkinder.<\/p>\n<p>Die Sch\u00fclerinnen durften dann in zwei Etappen die Experimente den Kindergruppen vorf\u00fchren, bzw. mit den Vorschulkindern forschen. Die kleinen Gruppen von zwei bis vier Kindern pro Station kamen in Begleitung ihrer Betreuerinnen mit ihren Stationenp\u00e4ssen und waren ganz begeistert. Sie stellten Fragen, h\u00f6rten zu, probierten aus und stellen ihr Wissen auf die Probe.<\/p>\n<p>Besonders gut kamen folgende Stationen an: \u201eWasserflaschen-Tornado\u201c, ein Experiment, bei dem in einer Wasserflasche ein Wasserstrudel entsteht, sowie auch \u201eDer schwebende Tischtennisball\u201c, ein Experiment, bei dem die Luftstr\u00f6mung den Tischtennisball tr\u00e4gt, sowie der Versuch \u201ePuste des Backpulvers\u201c. Ein Experiment, bei dem man Backpulver oder Natron in einer Flasche, mit Essig mischt und einen Luftballon \u00fcber den Flaschenhals st\u00fclpt. In Sekundenschnelle geht der Luftballon, aufgrund des bei der Reaktion entstehenden Gases Kohlenstoffdioxid, auf. Der Versuch erstaunte sogar die Sch\u00fcler\/innen beim Ausprobieren und die Kinder nat\u00fcrlich auch!<\/p>\n<p>Kindern, wie den Sch\u00fcler\/innen hat der Vormittag ausgezeichnet gefallen und die \u201egro\u00dfen Forscherinnen\u201c freuten sich, den Kindern etwas Neues zeigen zu k\u00f6nnen. Es war sch\u00f6n, ihr Interesse und ihr Staunen mitzuerleben. Es entstand auch der Wunsch, so eine Exkursion noch einmal machen zu k\u00f6nnen.<\/p>\n<p>Die Versuche sind wirklich gut angekommen und es hat Gro\u00dfen, wie Kleinen echt Spa\u00df gemacht. Das Sch\u00f6nste war die Freude der Kinder beim erfolgreichen Ausf\u00fchren der Experimente und vielleicht durften auch manche Eltern dazulernen, denn bestimmt haben manche Kinder die Versuche zuhause nochmals machen wollen \u2026.<\/p>\n<p>Annika Pelzmann, 3HMA und Hannah Aichhorn, 3HMB<span style=\"font-size: 0.95em;\">, HLMW9, 2018<\/span><\/p>\n\r\n\t\t<style type='text\/css'>\r\n\t\t\t#gallery-1 {\r\n\t\t\t\tmargin: auto;\r\n\t\t\t}\r\n\t\t\t#gallery-1 .gallery-item {\r\n\t\t\t\tfloat: left;\r\n\t\t\t\tmargin-top: 10px;\r\n\t\t\t\ttext-align: center;\r\n\t\t\t\twidth: 25%;\r\n\t\t\t}\r\n\t\t\t#gallery-1 img {\r\n\t\t\t\tborder: 2px solid #cfcfcf;\r\n\t\t\t}\r\n\t\t\t#gallery-1 .gallery-caption {\r\n\t\t\t\tmargin-left: 0;\r\n\t\t\t}\r\n\t\t<\/style>\r\n\t\t<!-- see gallery_shortcode() in wp-includes\/media.php -->\n\t\t<div id='gallery-1' class='gallery galleryid-4580 gallery-columns-4 gallery-size-thumbnail gallery1'><script type=\"text\/javascript\">\r\n\/\/ <![CDATA[\r\n\tjQuery(document).ready(function () {\r\n\t\tjQuery(\".gallery1 a\").attr(\"rel\",\"gallery1\");\t\r\n\t\tjQuery('a[rel=\"gallery1\"]').colorbox({maxWidth:\"95%\", maxHeight:\"95%\",title: function(){ return jQuery(this).children().attr(\"alt\"); }, });\r\n\t});\r\n\/\/ ]]>\r\n<\/script>\n<dl class=\"gallery-item\">\n<dt class=\"gallery-icon\">\r\n<a href=\"http:\/\/nawi.naturundbildung.at\/wp\/wp-content\/uploads\/2018\/02\/IMG_5512.jpg\" title=\"\" rel=\"gallery1\"><img src=\"http:\/\/nawi.naturundbildung.at\/wp\/wp-content\/uploads\/2018\/02\/IMG_5512-150x150.jpg\" width=\"150\" height=\"150\" alt=\"\" \/><\/a>\r\n<\/dt><\/dl><dl class=\"gallery-item\">\n<dt class=\"gallery-icon\">\r\n<a href=\"http:\/\/nawi.naturundbildung.at\/wp\/wp-content\/uploads\/2018\/02\/IMG_5494.jpg\" title=\"\" rel=\"gallery1\"><img src=\"http:\/\/nawi.naturundbildung.at\/wp\/wp-content\/uploads\/2018\/02\/IMG_5494-150x150.jpg\" width=\"150\" height=\"150\" alt=\"\" \/><\/a>\r\n<\/dt><\/dl><dl class=\"gallery-item\">\n<dt class=\"gallery-icon\">\r\n<a href=\"http:\/\/nawi.naturundbildung.at\/wp\/wp-content\/uploads\/2018\/02\/IMG_5493.jpg\" title=\"\" rel=\"gallery1\"><img src=\"http:\/\/nawi.naturundbildung.at\/wp\/wp-content\/uploads\/2018\/02\/IMG_5493-150x150.jpg\" width=\"150\" height=\"150\" alt=\"\" \/><\/a>\r\n<\/dt><\/dl><dl class=\"gallery-item\">\n<dt class=\"gallery-icon\">\r\n<a href=\"http:\/\/nawi.naturundbildung.at\/wp\/wp-content\/uploads\/2018\/02\/IMG_5492.jpg\" title=\"Diffusion-2\" rel=\"gallery1\"><img src=\"http:\/\/nawi.naturundbildung.at\/wp\/wp-content\/uploads\/2018\/02\/IMG_5492-150x150.jpg\" width=\"150\" height=\"150\" alt=\"Diffusion-2\" \/><\/a>\r\n<\/dt><dd class=\"gallery-caption\" id=\"caption4497\"><span class=\"imagecaption\">Diffusion-2<\/span><br \/>\n<\/dd><\/dl><br style=\"clear: both\" \/><dl class=\"gallery-item\">\n<dt class=\"gallery-icon\">\r\n<a href=\"http:\/\/nawi.naturundbildung.at\/wp\/wp-content\/uploads\/2018\/02\/IMG_5490.jpg\" title=\"Elektrostatische Ph\u00e4nomene\" rel=\"gallery1\"><img src=\"http:\/\/nawi.naturundbildung.at\/wp\/wp-content\/uploads\/2018\/02\/IMG_5490-150x150.jpg\" width=\"150\" height=\"150\" alt=\"Elektrostatische Ph\u00e4nomene\" \/><\/a>\r\n<\/dt><dd class=\"gallery-caption\" id=\"caption4496\"><span class=\"imagecaption\">Elektrostatische Ph\u00e4nomene<\/span><br \/>\n<\/dd><\/dl><dl class=\"gallery-item\">\n<dt class=\"gallery-icon\">\r\n<a href=\"http:\/\/nawi.naturundbildung.at\/wp\/wp-content\/uploads\/2018\/02\/IMG_5485-1.jpg\" title=\"\" rel=\"gallery1\"><img src=\"http:\/\/nawi.naturundbildung.at\/wp\/wp-content\/uploads\/2018\/02\/IMG_5485-1-150x150.jpg\" width=\"150\" height=\"150\" alt=\"\" \/><\/a>\r\n<\/dt><\/dl><dl class=\"gallery-item\">\n<dt class=\"gallery-icon\">\r\n<a href=\"http:\/\/nawi.naturundbildung.at\/wp\/wp-content\/uploads\/2018\/02\/IMG_5484-1.jpg\" title=\"Br\u00fccken bauen\" rel=\"gallery1\"><img src=\"http:\/\/nawi.naturundbildung.at\/wp\/wp-content\/uploads\/2018\/02\/IMG_5484-1-150x150.jpg\" width=\"150\" height=\"150\" alt=\"Br\u00fccken bauen\" \/><\/a>\r\n<\/dt><dd class=\"gallery-caption\" id=\"caption4494\"><span class=\"imagecaption\">Br\u00fccken bauen<\/span><br \/>\n<\/dd><\/dl><dl class=\"gallery-item\">\n<dt class=\"gallery-icon\">\r\n<a href=\"http:\/\/nawi.naturundbildung.at\/wp\/wp-content\/uploads\/2018\/02\/IMG_5480.jpg\" title=\"Kartesische Taucher\" rel=\"gallery1\"><img src=\"http:\/\/nawi.naturundbildung.at\/wp\/wp-content\/uploads\/2018\/02\/IMG_5480-150x150.jpg\" width=\"150\" height=\"150\" alt=\"Kartesische Taucher\" \/><\/a>\r\n<\/dt><dd class=\"gallery-caption\" id=\"caption4490\"><span class=\"imagecaption\">Kartesische Taucher<\/span><br \/>\n<\/dd><\/dl><br style=\"clear: both\" \/><dl class=\"gallery-item\">\n<dt class=\"gallery-icon\">\r\n<a href=\"http:\/\/nawi.naturundbildung.at\/wp\/wp-content\/uploads\/2018\/02\/IMG_5479.jpg\" title=\"Kartesische Taucher\" rel=\"gallery1\"><img src=\"http:\/\/nawi.naturundbildung.at\/wp\/wp-content\/uploads\/2018\/02\/IMG_5479-150x150.jpg\" width=\"150\" height=\"150\" alt=\"Kartesische Taucher\" \/><\/a>\r\n<\/dt><dd class=\"gallery-caption\" id=\"caption4489\"><span class=\"imagecaption\">Kartesische Taucher<\/span><br \/>\n<\/dd><\/dl><dl class=\"gallery-item\">\n<dt class=\"gallery-icon\">\r\n<a href=\"http:\/\/nawi.naturundbildung.at\/wp\/wp-content\/uploads\/2018\/02\/IMG_5473.jpg\" title=\"Diffusion\" rel=\"gallery1\"><img src=\"http:\/\/nawi.naturundbildung.at\/wp\/wp-content\/uploads\/2018\/02\/IMG_5473-150x150.jpg\" width=\"150\" height=\"150\" alt=\"Diffusion\" \/><\/a>\r\n<\/dt><dd class=\"gallery-caption\" id=\"caption4488\"><span class=\"imagecaption\">Diffusion<\/span><br \/>\n<\/dd><\/dl><dl class=\"gallery-item\">\n<dt class=\"gallery-icon\">\r\n<a href=\"http:\/\/nawi.naturundbildung.at\/wp\/wp-content\/uploads\/2018\/02\/IMG_5467.jpg\" title=\"Was schwimmt?\" rel=\"gallery1\"><img src=\"http:\/\/nawi.naturundbildung.at\/wp\/wp-content\/uploads\/2018\/02\/IMG_5467-150x150.jpg\" width=\"150\" height=\"150\" alt=\"Was schwimmt?\" \/><\/a>\r\n<\/dt><dd class=\"gallery-caption\" id=\"caption4487\"><span class=\"imagecaption\">Was schwimmt?<\/span><br \/>\n<\/dd><\/dl><dl class=\"gallery-item\">\n<dt class=\"gallery-icon\">\r\n<a href=\"http:\/\/nawi.naturundbildung.at\/wp\/wp-content\/uploads\/2018\/02\/IMG_5449.jpg\" title=\"Die &quot;verschwundene M\u00fcnze&quot; im Glas\" rel=\"gallery1\"><img src=\"http:\/\/nawi.naturundbildung.at\/wp\/wp-content\/uploads\/2018\/02\/IMG_5449-150x150.jpg\" width=\"150\" height=\"150\" alt=\"Die &quot;verschwundene M\u00fcnze&quot; im Glas\" \/><\/a>\r\n<\/dt><dd class=\"gallery-caption\" id=\"caption4485\"><span class=\"imagecaption\">Die \"verschwundene M\u00fcnze\" im Glas<\/span><br \/>\n<span class=\"imagedescription\">Die \"verschwundene M\u00fcnze\" im Glas<\/span><br \/>\n<\/dd><\/dl><br style=\"clear: both\" \/><dl class=\"gallery-item\">\n<dt class=\"gallery-icon\">\r\n<a href=\"http:\/\/nawi.naturundbildung.at\/wp\/wp-content\/uploads\/2018\/02\/IMG_5448.jpg\" title=\"Rotkohl-Versuch\" rel=\"gallery1\"><img src=\"http:\/\/nawi.naturundbildung.at\/wp\/wp-content\/uploads\/2018\/02\/IMG_5448-150x150.jpg\" width=\"150\" height=\"150\" alt=\"Rotkohl-Versuch\" \/><\/a>\r\n<\/dt><dd class=\"gallery-caption\" id=\"caption4483\"><span class=\"imagecaption\">Rotkohl-Versuch<\/span><br \/>\n<span class=\"imagedescription\">Rotkohl-Versuch<\/span><br \/>\n<\/dd><\/dl><dl class=\"gallery-item\">\n<dt class=\"gallery-icon\">\r\n<a href=\"http:\/\/nawi.naturundbildung.at\/wp\/wp-content\/uploads\/2018\/02\/DSC03625-e1519303805525.jpg\" title=\"Flaschentornado\" rel=\"gallery1\"><img src=\"http:\/\/nawi.naturundbildung.at\/wp\/wp-content\/uploads\/2018\/02\/DSC03625-e1519303805525-150x150.jpg\" width=\"150\" height=\"150\" alt=\"Flaschentornado\" \/><\/a>\r\n<\/dt><dd class=\"gallery-caption\" id=\"caption4705\"><span class=\"imagecaption\">Flaschentornado<\/span><br \/>\n<span class=\"imagedescription\">Flaschentornado<\/span><br \/>\n<\/dd><\/dl><dl class=\"gallery-item\">\n<dt class=\"gallery-icon\">\r\n<a href=\"http:\/\/nawi.naturundbildung.at\/wp\/wp-content\/uploads\/2018\/02\/DSC03633.jpg\" title=\"Br\u00fcckenbauer\/innen\" rel=\"gallery1\"><img src=\"http:\/\/nawi.naturundbildung.at\/wp\/wp-content\/uploads\/2018\/02\/DSC03633-150x150.jpg\" width=\"150\" height=\"150\" alt=\"Br\u00fcckenbauer\/innen\" \/><\/a>\r\n<\/dt><dd class=\"gallery-caption\" id=\"caption4707\"><span class=\"imagecaption\">Br\u00fcckenbauer\/innen<\/span><br \/>\n<span class=\"imagedescription\">Br\u00fcckenbauer\/innen<\/span><br \/>\n<\/dd><\/dl><dl class=\"gallery-item\">\n<dt class=\"gallery-icon\">\r\n<a href=\"http:\/\/nawi.naturundbildung.at\/wp\/wp-content\/uploads\/2018\/02\/DSC03637.jpg\" title=\"Flaschentornado-2\" rel=\"gallery1\"><img src=\"http:\/\/nawi.naturundbildung.at\/wp\/wp-content\/uploads\/2018\/02\/DSC03637-150x150.jpg\" width=\"150\" height=\"150\" alt=\"Flaschentornado-2\" \/><\/a>\r\n<\/dt><dd class=\"gallery-caption\" id=\"caption4708\"><span class=\"imagecaption\">Flaschentornado-2<\/span><br \/>\n<span class=\"imagedescription\">Flaschentornado-2<\/span><br \/>\n<\/dd><\/dl><br style=\"clear: both\" \/>\r\n\t\t<\/div>\n\n","protected":false},"excerpt":{"rendered":"<p>Im Dezember 2017 unternahmen die 3HMA und die 3HMB eine Exkursion mit Frau Prof.&nbsp;Adamcik&nbsp;und Frau Prof.&nbsp;Geroldinger&nbsp;in den st\u00e4dtischen Kindergarten im Augarten. &nbsp; Die Sch\u00fclerinnen und Sch\u00fcler dieser Klassen \u00fcberlegten sich einfache naturwissenschaftliche Experimente und f\u00fchrten diese dann auch durch, um sie dann gemeinsam mit den Kindern zu machen. Vorfreude gab<\/p>\n","protected":false},"author":1,"featured_media":4498,"comment_status":"open","ping_status":"open","sticky":false,"template":"","format":"standard","meta":{"ngg_post_thumbnail":0},"categories":[4,2,3],"tags":[],"aioseo_notices":[],"_links":{"self":[{"href":"http:\/\/nawi.naturundbildung.at\/wp\/index.php?rest_route=\/wp\/v2\/posts\/4580"}],"collection":[{"href":"http:\/\/nawi.naturundbildung.at\/wp\/index.php?rest_route=\/wp\/v2\/posts"}],"about":[{"href":"http:\/\/nawi.naturundbildung.at\/wp\/index.php?rest_route=\/wp\/v2\/types\/post"}],"author":[{"embeddable":true,"href":"http:\/\/nawi.naturundbildung.at\/wp\/index.php?rest_route=\/wp\/v2\/users\/1"}],"replies":[{"embeddable":true,"href":"http:\/\/nawi.naturundbildung.at\/wp\/index.php?rest_route=%2Fwp%2Fv2%2Fcomments&post=4580"}],"version-history":[{"count":8,"href":"http:\/\/nawi.naturundbildung.at\/wp\/index.php?rest_route=\/wp\/v2\/posts\/4580\/revisions"}],"predecessor-version":[{"id":4711,"href":"http:\/\/nawi.naturundbildung.at\/wp\/index.php?rest_route=\/wp\/v2\/posts\/4580\/revisions\/4711"}],"wp:featuredmedia":[{"embeddable":true,"href":"http:\/\/nawi.naturundbildung.at\/wp\/index.php?rest_route=\/wp\/v2\/media\/4498"}],"wp:attachment":[{"href":"http:\/\/nawi.naturundbildung.at\/wp\/index.php?rest_route=%2Fwp%2Fv2%2Fmedia&parent=4580"}],"wp:term":[{"taxonomy":"category","embeddable":true,"href":"http:\/\/nawi.naturundbildung.at\/wp\/index.php?rest_route=%2Fwp%2Fv2%2Fcategories&post=4580"},{"taxonomy":"post_tag","embeddable":true,"href":"http:\/\/nawi.naturundbildung.at\/wp\/index.php?rest_route=%2Fwp%2Fv2%2Ftags&post=4580"}],"curies":[{"name":"wp","href":"https:\/\/api.w.org\/{rel}","templated":true}]}}